{"id":4848,"date":"2022-06-22T11:21:21","date_gmt":"2022-06-22T10:21:21","guid":{"rendered":"https:\/\/www.greenmobility.com\/dk\/?p=4848"},"modified":"2022-06-22T12:01:57","modified_gmt":"2022-06-22T11:01:57","slug":"changes-during-tour-de-france","status":"publish","type":"post","link":"https:\/\/www.greenmobility.com\/dk\/en\/changes-during-tour-de-france\/","title":{"rendered":"Changes during Tour de France"},"content":{"rendered":"<div class=\"wpb-content-wrapper\"><p>[vc_row][vc_column]<div class=\" agni-section-heading text-left ihda\" ><div class=\"section-divide-line divide-line text-left\"><span style=\"width:90px; height:1px; background-color:#3ea635\"><\/span><\/div><\/div>[vc_column_text]Tour de France Grand D\u00e9part 2022 will take place in Europe&#8217;s most bike-friendly nation, Denmark. To make room for the Grand D\u00e9part and the bikers along the Tour de France route in Copenhagen and Roskilde, there will be official traffic changes that will affect where you can park a GreenMobility car &#8211; both in the zone in Copenhagen and in Roskilde. Read more below and see what changes you need to be aware of.[\/vc_column_text][\/vc_column][\/vc_row][vc_row][vc_column][vc_custom_heading text=&#8221;Changed parking options in Copenhagen \ud83c\udd7f\ufe0f&#8221; font_container=&#8221;tag:h2|font_size:33|text_align:left&#8221; google_fonts=&#8221;font_family:Montserrat%3Aregular%2C700|font_style:400%20regular%3A400%3Anormal&#8221;][vc_column_text]The traffic in Copenhagen will be affected from Monday the 27th of June with several roadblocks and changed parking conditions. At GreenMobility, we help you avoid the restricted areas by inserting red no-parking zones in our app in places where the trip cannot be ended.<\/p>\n<p>You can find out more about the official roadblocks on <span style=\"text-decoration: underline;\">this<\/span><a href=\"https:\/\/koebenhavn.letourcph.dk\/\"><span style=\"text-decoration: underline;\">\u00a0website<\/span><\/a> and see all the no-parking zones on the map in the GreenMobility app from Monday the 27th of June at 6.00 p.m. Saturday the 2nd of July at 6 p.m., all temporary no-parking zones will be gone again.[\/vc_column_text][\/vc_column][\/vc_row][vc_row][vc_column][vc_empty_space][\/vc_column][\/vc_row][vc_row][vc_column][vc_custom_heading text=&#8221;The zone in Roskilde is reduced and temporarily closed \ud83d\udccd&#8221; font_container=&#8221;tag:h2|font_size:33|text_align:left&#8221; google_fonts=&#8221;font_family:Montserrat%3Aregular%2C700|font_style:400%20regular%3A400%3Anormal&#8221;]<div class=\" agni-image custom-image-container text-left\">\r\n\t\t\t<figure class=\"agni-image-figure\">\r\n\t\t\t\t\r\n\t\t\t\t<figcaption class=\"vc_figure-caption\"><\/figcaption>\r\n\t\t\t<\/figure>\r\n\t\t<\/div>[vc_column_text]This year, the Tour de France and Roskilde Festival will occupy Roskilde at the same time. This will create some traffic challenges and restrictions for GreenMobility&#8217;s electric cars in the Roskilde zone. Therefore, we reduce the zone temporarily from the 24th of June at 10.00 p.m. to the 1st of July at 12.00 noon The zone in Roskilde closes temporarily in the period from Friday the 1st of July at 10.00 p.m. to Sunday the 3rd of July at 12.00 noon. It is not possible to park our cars in Roskilde in this period.<\/p>\n<p>We are very sorry for the inconvenience this may cause you. Get a quick overview of the changes below.[\/vc_column_text][\/vc_column][\/vc_row][vc_row fullwidth=&#8221;has-fullwidth-column&#8221;][vc_column width=&#8221;1\/2&#8243;]<div class=\" agni-image custom-image-container text-center\">\r\n\t\t\t<figure class=\"agni-image-figure\">\r\n\t\t\t\t<img decoding=\"async\" width=\"300\" height=\"300\" data-src=\"https:\/\/www.greenmobility.com\/dk\/wp-content\/uploads\/sites\/9\/2022\/06\/1-300x300.png\" class=\"fullwidth-image attachment-medium  attachment-medium lazyload\" alt=\"\" title=\"1\" data-srcset=\"https:\/\/www.greenmobility.com\/dk\/wp-content\/uploads\/sites\/9\/2022\/06\/1-300x300.png 300w, https:\/\/www.greenmobility.com\/dk\/wp-content\/uploads\/sites\/9\/2022\/06\/1-150x150.png 150w, https:\/\/www.greenmobility.com\/dk\/wp-content\/uploads\/sites\/9\/2022\/06\/1.png 520w\" data-sizes=\"(max-width: 300px) 100vw, 300px\" src=\"data:image\/svg+xml;base64,PHN2ZyB3aWR0aD0iMSIgaGVpZ2h0PSIxIiB4bWxucz0iaHR0cDovL3d3dy53My5vcmcvMjAwMC9zdmciPjwvc3ZnPg==\" style=\"--smush-placeholder-width: 300px; --smush-placeholder-aspect-ratio: 300\/300;\" \/>\r\n\t\t\t\t<figcaption class=\"vc_figure-caption\"><\/figcaption>\r\n\t\t\t<\/figure>\r\n\t\t<\/div>[vc_column_text]<\/p>\n<p style=\"text-align: left;\"><strong>Until Friday the 24th of June at 10 p.m.<\/strong><br \/>\nThe zone in Roskilde is as you know it<\/p>\n<p>[\/vc_column_text][\/vc_column][vc_column width=&#8221;1\/2&#8243;]<div class=\" agni-image custom-image-container text-center\">\r\n\t\t\t<figure class=\"agni-image-figure\">\r\n\t\t\t\t<img decoding=\"async\" width=\"300\" height=\"300\" data-src=\"https:\/\/www.greenmobility.com\/dk\/wp-content\/uploads\/sites\/9\/2022\/06\/2-300x300.jpg\" class=\"fullwidth-image attachment-medium  attachment-medium lazyload\" alt=\"\" title=\"2\" data-srcset=\"https:\/\/www.greenmobility.com\/dk\/wp-content\/uploads\/sites\/9\/2022\/06\/2-300x300.jpg 300w, https:\/\/www.greenmobility.com\/dk\/wp-content\/uploads\/sites\/9\/2022\/06\/2-150x150.jpg 150w, https:\/\/www.greenmobility.com\/dk\/wp-content\/uploads\/sites\/9\/2022\/06\/2.jpg 520w\" data-sizes=\"(max-width: 300px) 100vw, 300px\" src=\"data:image\/svg+xml;base64,PHN2ZyB3aWR0aD0iMSIgaGVpZ2h0PSIxIiB4bWxucz0iaHR0cDovL3d3dy53My5vcmcvMjAwMC9zdmciPjwvc3ZnPg==\" style=\"--smush-placeholder-width: 300px; --smush-placeholder-aspect-ratio: 300\/300;\" \/>\r\n\t\t\t\t<figcaption class=\"vc_figure-caption\"><\/figcaption>\r\n\t\t\t<\/figure>\r\n\t\t<\/div>[vc_column_text]<\/p>\n<p style=\"text-align: left;\"><strong>The 24 of June at 10 p.m. &#8211; 1st of July at 10 p.m.<\/strong><br \/>\nThe zone in Roskilde is reduced to the green area<\/p>\n<p>[\/vc_column_text][\/vc_column][vc_column width=&#8221;1\/2&#8243;]<div class=\" agni-image custom-image-container text-center\">\r\n\t\t\t<figure class=\"agni-image-figure\">\r\n\t\t\t\t<img decoding=\"async\" width=\"300\" height=\"300\" data-src=\"https:\/\/www.greenmobility.com\/dk\/wp-content\/uploads\/sites\/9\/2022\/06\/3-300x300.png\" class=\"fullwidth-image attachment-medium  attachment-medium lazyload\" alt=\"\" title=\"3\" data-srcset=\"https:\/\/www.greenmobility.com\/dk\/wp-content\/uploads\/sites\/9\/2022\/06\/3-300x300.png 300w, https:\/\/www.greenmobility.com\/dk\/wp-content\/uploads\/sites\/9\/2022\/06\/3-150x150.png 150w, https:\/\/www.greenmobility.com\/dk\/wp-content\/uploads\/sites\/9\/2022\/06\/3.png 520w\" data-sizes=\"(max-width: 300px) 100vw, 300px\" src=\"data:image\/svg+xml;base64,PHN2ZyB3aWR0aD0iMSIgaGVpZ2h0PSIxIiB4bWxucz0iaHR0cDovL3d3dy53My5vcmcvMjAwMC9zdmciPjwvc3ZnPg==\" style=\"--smush-placeholder-width: 300px; --smush-placeholder-aspect-ratio: 300\/300;\" \/>\r\n\t\t\t\t<figcaption class=\"vc_figure-caption\"><\/figcaption>\r\n\t\t\t<\/figure>\r\n\t\t<\/div>[vc_column_text]<\/p>\n<p style=\"text-align: left;\"><strong>The 1st of July at 10 p.m. &#8211; the 3rd of July at 12 noon<\/strong><br \/>\nThe zone in Roskilde is temporarily closing down<\/p>\n<p>[\/vc_column_text][\/vc_column][vc_column width=&#8221;1\/2&#8243;]<div class=\" agni-image custom-image-container text-center\">\r\n\t\t\t<figure class=\"agni-image-figure\">\r\n\t\t\t\t<img decoding=\"async\" width=\"300\" height=\"300\" data-src=\"https:\/\/www.greenmobility.com\/dk\/wp-content\/uploads\/sites\/9\/2022\/06\/4-300x300.jpg\" class=\"fullwidth-image attachment-medium  attachment-medium lazyload\" alt=\"\" title=\"4\" data-srcset=\"https:\/\/www.greenmobility.com\/dk\/wp-content\/uploads\/sites\/9\/2022\/06\/4-300x300.jpg 300w, https:\/\/www.greenmobility.com\/dk\/wp-content\/uploads\/sites\/9\/2022\/06\/4-150x150.jpg 150w, https:\/\/www.greenmobility.com\/dk\/wp-content\/uploads\/sites\/9\/2022\/06\/4.jpg 520w\" data-sizes=\"(max-width: 300px) 100vw, 300px\" src=\"data:image\/svg+xml;base64,PHN2ZyB3aWR0aD0iMSIgaGVpZ2h0PSIxIiB4bWxucz0iaHR0cDovL3d3dy53My5vcmcvMjAwMC9zdmciPjwvc3ZnPg==\" style=\"--smush-placeholder-width: 300px; --smush-placeholder-aspect-ratio: 300\/300;\" \/>\r\n\t\t\t\t<figcaption class=\"vc_figure-caption\"><\/figcaption>\r\n\t\t\t<\/figure>\r\n\t\t<\/div>[vc_column_text]<\/p>\n<p style=\"text-align: left;\"><strong>The 3rd of July at 12 noon<\/strong><br \/>\nThe zone in Roskilde is back<\/p>\n<p>[\/vc_column_text][\/vc_column][\/vc_row][vc_row][vc_column][vc_empty_space][\/vc_column][\/vc_row][vc_row disable_element=&#8221;yes&#8221;][vc_column][vc_custom_heading text=&#8221;F\u00f8lg feltet rundt i Danmark \ud83d\udeb4&#8221; font_container=&#8221;tag:h2|font_size:33|text_align:left&#8221; google_fonts=&#8221;font_family:Montserrat%3Aregular%2C700|font_style:400%20regular%3A400%3Anormal&#8221;]<div class=\" agni-image custom-image-container text-left\">\r\n\t\t\t<figure class=\"agni-image-figure\">\r\n\t\t\t\t<img decoding=\"async\" width=\"2481\" height=\"1654\" data-src=\"https:\/\/www.greenmobility.com\/dk\/wp-content\/uploads\/sites\/9\/2022\/06\/DSC01293.jpg\" class=\"fullwidth-image attachment-full  attachment-full lazyload\" alt=\"\" title=\"DSC01293\" data-srcset=\"https:\/\/www.greenmobility.com\/dk\/wp-content\/uploads\/sites\/9\/2022\/06\/DSC01293.jpg 2481w, https:\/\/www.greenmobility.com\/dk\/wp-content\/uploads\/sites\/9\/2022\/06\/DSC01293-300x200.jpg 300w, https:\/\/www.greenmobility.com\/dk\/wp-content\/uploads\/sites\/9\/2022\/06\/DSC01293-1024x683.jpg 1024w, https:\/\/www.greenmobility.com\/dk\/wp-content\/uploads\/sites\/9\/2022\/06\/DSC01293-768x512.jpg 768w, https:\/\/www.greenmobility.com\/dk\/wp-content\/uploads\/sites\/9\/2022\/06\/DSC01293-1536x1024.jpg 1536w, https:\/\/www.greenmobility.com\/dk\/wp-content\/uploads\/sites\/9\/2022\/06\/DSC01293-2048x1365.jpg 2048w, https:\/\/www.greenmobility.com\/dk\/wp-content\/uploads\/sites\/9\/2022\/06\/DSC01293-960x640.jpg 960w\" data-sizes=\"(max-width: 2481px) 100vw, 2481px\" src=\"data:image\/svg+xml;base64,PHN2ZyB3aWR0aD0iMSIgaGVpZ2h0PSIxIiB4bWxucz0iaHR0cDovL3d3dy53My5vcmcvMjAwMC9zdmciPjwvc3ZnPg==\" style=\"--smush-placeholder-width: 2481px; --smush-placeholder-aspect-ratio: 2481\/1654;\" \/>\r\n\t\t\t\t<figcaption class=\"vc_figure-caption\"><\/figcaption>\r\n\t\t\t<\/figure>\r\n\t\t<\/div>[vc_column_text]Ved du allerede nu, at du er \u00e9n af dem, der bliver ramt af gul cykelfeber og trang til at f\u00f8lge feltet rundt i Danmark? Mandag d. 27. juni lancerer vi en helt unik kortegepakke, s\u00e5 du kan f\u00f8lge feltet rundt i Danmark i tre dage. Pakken indeholder 3 d\u00f8gns leje og en rabatprocent stejlere end Alpe d&#8217;Huez. \u26f0\ufe0f Og endnu bedre: Alle i den gr\u00f8nne <a href=\"https:\/\/www.greenmobility.com\/dk\/da\/greensaver\/\">GreenSaver<\/a>-tr\u00f8je f\u00e5r ovenik\u00f8bet GreenSaver rabat p\u00e5 toppen.<\/p>\n<p>Hold \u00f8je med nyhedsbrevet og vores sociale medier, n\u00e5r tilbuddet g\u00e5r live.[\/vc_column_text][\/vc_column][\/vc_row]<\/p>\n<\/div>","protected":false},"excerpt":{"rendered":"<p>[vc_row][vc_column][vc_column_text]Tour de France Grand D\u00e9part 2022 will take place in Europe&#8217;s most bike-friendly nation, Denmark. To make room for the Grand D\u00e9part and the bikers along the Tour de France route in Copenhagen and Roskilde, there will be official traffic changes that will affect where you can park a GreenMobility car &#8211; both in the [&hellip;]<\/p>\n","protected":false},"author":7,"featured_media":4845,"comment_status":"closed","ping_status":"closed","sticky":false,"template":"","format":"standard","meta":{"om_disable_all_campaigns":false,"footnotes":"","_links_to":"","_links_to_target":""},"categories":[82],"tags":[],"class_list":["post-4848","post","type-post","status-publish","format-standard","has-post-thumbnail","hentry","category-copenhagen"],"yoast_head":"<!-- This site is optimized with the Yoast SEO plugin v27.3 - https:\/\/yoast.com\/product\/yoast-seo-wordpress\/ -->\n<title>Changes during Tour de France - GreenMobility Denmark<\/title>\n<meta name=\"robots\" content=\"index, follow, max-snippet:-1, max-image-preview:large, max-video-preview:-1\" \/>\n<link rel=\"canonical\" href=\"https:\/\/www.greenmobility.com\/dk\/en\/changes-during-tour-de-france\/\" \/>\n<meta property=\"og:locale\" content=\"en_US\" \/>\n<meta property=\"og:type\" content=\"article\" \/>\n<meta property=\"og:title\" content=\"Changes during Tour de France - GreenMobility Denmark\" \/>\n<meta property=\"og:description\" content=\"[vc_row][vc_column][vc_column_text]Tour de France Grand D\u00e9part 2022 will take place in Europe&#8217;s most bike-friendly nation, Denmark. To make room for the Grand D\u00e9part and the bikers along the Tour de France route in Copenhagen and Roskilde, there will be official traffic changes that will affect where you can park a GreenMobility car &#8211; both in the [&hellip;]\" \/>\n<meta property=\"og:url\" content=\"https:\/\/www.greenmobility.com\/dk\/en\/changes-during-tour-de-france\/\" \/>\n<meta property=\"og:site_name\" content=\"GreenMobility Denmark\" \/>\n<meta property=\"article:published_time\" content=\"2022-06-22T10:21:21+00:00\" \/>\n<meta property=\"article:modified_time\" content=\"2022-06-22T11:01:57+00:00\" \/>\n<meta property=\"og:image\" content=\"https:\/\/www.greenmobility.com\/dk\/wp-content\/uploads\/sites\/9\/2022\/06\/DSC0390.jpg\" \/>\n\t<meta property=\"og:image:width\" content=\"2481\" \/>\n\t<meta property=\"og:image:height\" content=\"1654\" \/>\n\t<meta property=\"og:image:type\" content=\"image\/jpeg\" \/>\n<meta name=\"author\" content=\"josefine\" \/>\n<meta name=\"twitter:card\" content=\"summary_large_image\" \/>\n<meta name=\"twitter:label1\" content=\"Written by\" \/>\n\t<meta name=\"twitter:data1\" content=\"josefine\" \/>\n\t<meta name=\"twitter:label2\" content=\"Est. reading time\" \/>\n\t<meta name=\"twitter:data2\" content=\"3 minutes\" \/>\n<script type=\"application\/ld+json\" class=\"yoast-schema-graph\">{\"@context\":\"https:\\\/\\\/schema.org\",\"@graph\":[{\"@type\":\"Article\",\"@id\":\"https:\\\/\\\/www.greenmobility.com\\\/dk\\\/en\\\/changes-during-tour-de-france\\\/#article\",\"isPartOf\":{\"@id\":\"https:\\\/\\\/www.greenmobility.com\\\/dk\\\/en\\\/changes-during-tour-de-france\\\/\"},\"author\":{\"name\":\"josefine\",\"@id\":\"https:\\\/\\\/www.greenmobility.com\\\/dk\\\/en\\\/#\\\/schema\\\/person\\\/243a6e650855ff32daabcc8a6239cb2d\"},\"headline\":\"Changes during Tour de France\",\"datePublished\":\"2022-06-22T10:21:21+00:00\",\"dateModified\":\"2022-06-22T11:01:57+00:00\",\"mainEntityOfPage\":{\"@id\":\"https:\\\/\\\/www.greenmobility.com\\\/dk\\\/en\\\/changes-during-tour-de-france\\\/\"},\"wordCount\":730,\"publisher\":{\"@id\":\"https:\\\/\\\/www.greenmobility.com\\\/dk\\\/en\\\/#organization\"},\"image\":{\"@id\":\"https:\\\/\\\/www.greenmobility.com\\\/dk\\\/en\\\/changes-during-tour-de-france\\\/#primaryimage\"},\"thumbnailUrl\":\"https:\\\/\\\/www.greenmobility.com\\\/dk\\\/wp-content\\\/uploads\\\/sites\\\/9\\\/2022\\\/06\\\/DSC0390.jpg\",\"articleSection\":[\"Copenhagen\"],\"inLanguage\":\"en-US\"},{\"@type\":\"WebPage\",\"@id\":\"https:\\\/\\\/www.greenmobility.com\\\/dk\\\/en\\\/changes-during-tour-de-france\\\/\",\"url\":\"https:\\\/\\\/www.greenmobility.com\\\/dk\\\/en\\\/changes-during-tour-de-france\\\/\",\"name\":\"Changes during Tour de France - GreenMobility Denmark\",\"isPartOf\":{\"@id\":\"https:\\\/\\\/www.greenmobility.com\\\/dk\\\/en\\\/#website\"},\"primaryImageOfPage\":{\"@id\":\"https:\\\/\\\/www.greenmobility.com\\\/dk\\\/en\\\/changes-during-tour-de-france\\\/#primaryimage\"},\"image\":{\"@id\":\"https:\\\/\\\/www.greenmobility.com\\\/dk\\\/en\\\/changes-during-tour-de-france\\\/#primaryimage\"},\"thumbnailUrl\":\"https:\\\/\\\/www.greenmobility.com\\\/dk\\\/wp-content\\\/uploads\\\/sites\\\/9\\\/2022\\\/06\\\/DSC0390.jpg\",\"datePublished\":\"2022-06-22T10:21:21+00:00\",\"dateModified\":\"2022-06-22T11:01:57+00:00\",\"breadcrumb\":{\"@id\":\"https:\\\/\\\/www.greenmobility.com\\\/dk\\\/en\\\/changes-during-tour-de-france\\\/#breadcrumb\"},\"inLanguage\":\"en-US\",\"potentialAction\":[{\"@type\":\"ReadAction\",\"target\":[\"https:\\\/\\\/www.greenmobility.com\\\/dk\\\/en\\\/changes-during-tour-de-france\\\/\"]}]},{\"@type\":\"ImageObject\",\"inLanguage\":\"en-US\",\"@id\":\"https:\\\/\\\/www.greenmobility.com\\\/dk\\\/en\\\/changes-during-tour-de-france\\\/#primaryimage\",\"url\":\"https:\\\/\\\/www.greenmobility.com\\\/dk\\\/wp-content\\\/uploads\\\/sites\\\/9\\\/2022\\\/06\\\/DSC0390.jpg\",\"contentUrl\":\"https:\\\/\\\/www.greenmobility.com\\\/dk\\\/wp-content\\\/uploads\\\/sites\\\/9\\\/2022\\\/06\\\/DSC0390.jpg\",\"width\":2481,\"height\":1654},{\"@type\":\"BreadcrumbList\",\"@id\":\"https:\\\/\\\/www.greenmobility.com\\\/dk\\\/en\\\/changes-during-tour-de-france\\\/#breadcrumb\",\"itemListElement\":[{\"@type\":\"ListItem\",\"position\":1,\"name\":\"Home\",\"item\":\"https:\\\/\\\/www.greenmobility.com\\\/dk\\\/en\\\/\"},{\"@type\":\"ListItem\",\"position\":2,\"name\":\"Changes during Tour de France\"}]},{\"@type\":\"WebSite\",\"@id\":\"https:\\\/\\\/www.greenmobility.com\\\/dk\\\/en\\\/#website\",\"url\":\"https:\\\/\\\/www.greenmobility.com\\\/dk\\\/en\\\/\",\"name\":\"GreenMobility Denmark\",\"description\":\"\",\"publisher\":{\"@id\":\"https:\\\/\\\/www.greenmobility.com\\\/dk\\\/en\\\/#organization\"},\"potentialAction\":[{\"@type\":\"SearchAction\",\"target\":{\"@type\":\"EntryPoint\",\"urlTemplate\":\"https:\\\/\\\/www.greenmobility.com\\\/dk\\\/en\\\/?s={search_term_string}\"},\"query-input\":{\"@type\":\"PropertyValueSpecification\",\"valueRequired\":true,\"valueName\":\"search_term_string\"}}],\"inLanguage\":\"en-US\"},{\"@type\":\"Organization\",\"@id\":\"https:\\\/\\\/www.greenmobility.com\\\/dk\\\/en\\\/#organization\",\"name\":\"GreenMobility\",\"url\":\"https:\\\/\\\/www.greenmobility.com\\\/dk\\\/en\\\/\",\"logo\":{\"@type\":\"ImageObject\",\"inLanguage\":\"en-US\",\"@id\":\"https:\\\/\\\/www.greenmobility.com\\\/dk\\\/en\\\/#\\\/schema\\\/logo\\\/image\\\/\",\"url\":\"https:\\\/\\\/www.greenmobility.com\\\/dk\\\/wp-content\\\/uploads\\\/sites\\\/9\\\/2021\\\/06\\\/logo-EM-DK.png\",\"contentUrl\":\"https:\\\/\\\/www.greenmobility.com\\\/dk\\\/wp-content\\\/uploads\\\/sites\\\/9\\\/2021\\\/06\\\/logo-EM-DK.png\",\"width\":3125,\"height\":788,\"caption\":\"GreenMobility\"},\"image\":{\"@id\":\"https:\\\/\\\/www.greenmobility.com\\\/dk\\\/en\\\/#\\\/schema\\\/logo\\\/image\\\/\"}},{\"@type\":\"Person\",\"@id\":\"https:\\\/\\\/www.greenmobility.com\\\/dk\\\/en\\\/#\\\/schema\\\/person\\\/243a6e650855ff32daabcc8a6239cb2d\",\"name\":\"josefine\",\"url\":\"https:\\\/\\\/www.greenmobility.com\\\/dk\\\/en\\\/author\\\/josefine\\\/\"}]}<\/script>\n<!-- \/ Yoast SEO plugin. -->","yoast_head_json":{"title":"Changes during Tour de France - GreenMobility Denmark","robots":{"index":"index","follow":"follow","max-snippet":"max-snippet:-1","max-image-preview":"max-image-preview:large","max-video-preview":"max-video-preview:-1"},"canonical":"https:\/\/www.greenmobility.com\/dk\/en\/changes-during-tour-de-france\/","og_locale":"en_US","og_type":"article","og_title":"Changes during Tour de France - GreenMobility Denmark","og_description":"[vc_row][vc_column][vc_column_text]Tour de France Grand D\u00e9part 2022 will take place in Europe&#8217;s most bike-friendly nation, Denmark. To make room for the Grand D\u00e9part and the bikers along the Tour de France route in Copenhagen and Roskilde, there will be official traffic changes that will affect where you can park a GreenMobility car &#8211; both in the [&hellip;]","og_url":"https:\/\/www.greenmobility.com\/dk\/en\/changes-during-tour-de-france\/","og_site_name":"GreenMobility Denmark","article_published_time":"2022-06-22T10:21:21+00:00","article_modified_time":"2022-06-22T11:01:57+00:00","og_image":[{"width":2481,"height":1654,"url":"https:\/\/www.greenmobility.com\/dk\/wp-content\/uploads\/sites\/9\/2022\/06\/DSC0390.jpg","type":"image\/jpeg"}],"author":"josefine","twitter_card":"summary_large_image","twitter_misc":{"Written by":"josefine","Est. reading time":"3 minutes"},"schema":{"@context":"https:\/\/schema.org","@graph":[{"@type":"Article","@id":"https:\/\/www.greenmobility.com\/dk\/en\/changes-during-tour-de-france\/#article","isPartOf":{"@id":"https:\/\/www.greenmobility.com\/dk\/en\/changes-during-tour-de-france\/"},"author":{"name":"josefine","@id":"https:\/\/www.greenmobility.com\/dk\/en\/#\/schema\/person\/243a6e650855ff32daabcc8a6239cb2d"},"headline":"Changes during Tour de France","datePublished":"2022-06-22T10:21:21+00:00","dateModified":"2022-06-22T11:01:57+00:00","mainEntityOfPage":{"@id":"https:\/\/www.greenmobility.com\/dk\/en\/changes-during-tour-de-france\/"},"wordCount":730,"publisher":{"@id":"https:\/\/www.greenmobility.com\/dk\/en\/#organization"},"image":{"@id":"https:\/\/www.greenmobility.com\/dk\/en\/changes-during-tour-de-france\/#primaryimage"},"thumbnailUrl":"https:\/\/www.greenmobility.com\/dk\/wp-content\/uploads\/sites\/9\/2022\/06\/DSC0390.jpg","articleSection":["Copenhagen"],"inLanguage":"en-US"},{"@type":"WebPage","@id":"https:\/\/www.greenmobility.com\/dk\/en\/changes-during-tour-de-france\/","url":"https:\/\/www.greenmobility.com\/dk\/en\/changes-during-tour-de-france\/","name":"Changes during Tour de France - GreenMobility Denmark","isPartOf":{"@id":"https:\/\/www.greenmobility.com\/dk\/en\/#website"},"primaryImageOfPage":{"@id":"https:\/\/www.greenmobility.com\/dk\/en\/changes-during-tour-de-france\/#primaryimage"},"image":{"@id":"https:\/\/www.greenmobility.com\/dk\/en\/changes-during-tour-de-france\/#primaryimage"},"thumbnailUrl":"https:\/\/www.greenmobility.com\/dk\/wp-content\/uploads\/sites\/9\/2022\/06\/DSC0390.jpg","datePublished":"2022-06-22T10:21:21+00:00","dateModified":"2022-06-22T11:01:57+00:00","breadcrumb":{"@id":"https:\/\/www.greenmobility.com\/dk\/en\/changes-during-tour-de-france\/#breadcrumb"},"inLanguage":"en-US","potentialAction":[{"@type":"ReadAction","target":["https:\/\/www.greenmobility.com\/dk\/en\/changes-during-tour-de-france\/"]}]},{"@type":"ImageObject","inLanguage":"en-US","@id":"https:\/\/www.greenmobility.com\/dk\/en\/changes-during-tour-de-france\/#primaryimage","url":"https:\/\/www.greenmobility.com\/dk\/wp-content\/uploads\/sites\/9\/2022\/06\/DSC0390.jpg","contentUrl":"https:\/\/www.greenmobility.com\/dk\/wp-content\/uploads\/sites\/9\/2022\/06\/DSC0390.jpg","width":2481,"height":1654},{"@type":"BreadcrumbList","@id":"https:\/\/www.greenmobility.com\/dk\/en\/changes-during-tour-de-france\/#breadcrumb","itemListElement":[{"@type":"ListItem","position":1,"name":"Home","item":"https:\/\/www.greenmobility.com\/dk\/en\/"},{"@type":"ListItem","position":2,"name":"Changes during Tour de France"}]},{"@type":"WebSite","@id":"https:\/\/www.greenmobility.com\/dk\/en\/#website","url":"https:\/\/www.greenmobility.com\/dk\/en\/","name":"GreenMobility Denmark","description":"","publisher":{"@id":"https:\/\/www.greenmobility.com\/dk\/en\/#organization"},"potentialAction":[{"@type":"SearchAction","target":{"@type":"EntryPoint","urlTemplate":"https:\/\/www.greenmobility.com\/dk\/en\/?s={search_term_string}"},"query-input":{"@type":"PropertyValueSpecification","valueRequired":true,"valueName":"search_term_string"}}],"inLanguage":"en-US"},{"@type":"Organization","@id":"https:\/\/www.greenmobility.com\/dk\/en\/#organization","name":"GreenMobility","url":"https:\/\/www.greenmobility.com\/dk\/en\/","logo":{"@type":"ImageObject","inLanguage":"en-US","@id":"https:\/\/www.greenmobility.com\/dk\/en\/#\/schema\/logo\/image\/","url":"https:\/\/www.greenmobility.com\/dk\/wp-content\/uploads\/sites\/9\/2021\/06\/logo-EM-DK.png","contentUrl":"https:\/\/www.greenmobility.com\/dk\/wp-content\/uploads\/sites\/9\/2021\/06\/logo-EM-DK.png","width":3125,"height":788,"caption":"GreenMobility"},"image":{"@id":"https:\/\/www.greenmobility.com\/dk\/en\/#\/schema\/logo\/image\/"}},{"@type":"Person","@id":"https:\/\/www.greenmobility.com\/dk\/en\/#\/schema\/person\/243a6e650855ff32daabcc8a6239cb2d","name":"josefine","url":"https:\/\/www.greenmobility.com\/dk\/en\/author\/josefine\/"}]}},"_links":{"self":[{"href":"https:\/\/www.greenmobility.com\/dk\/en\/wp-json\/wp\/v2\/posts\/4848","targetHints":{"allow":["GET"]}}],"collection":[{"href":"https:\/\/www.greenmobility.com\/dk\/en\/wp-json\/wp\/v2\/posts"}],"about":[{"href":"https:\/\/www.greenmobility.com\/dk\/en\/wp-json\/wp\/v2\/types\/post"}],"author":[{"embeddable":true,"href":"https:\/\/www.greenmobility.com\/dk\/en\/wp-json\/wp\/v2\/users\/7"}],"replies":[{"embeddable":true,"href":"https:\/\/www.greenmobility.com\/dk\/en\/wp-json\/wp\/v2\/comments?post=4848"}],"version-history":[{"count":0,"href":"https:\/\/www.greenmobility.com\/dk\/en\/wp-json\/wp\/v2\/posts\/4848\/revisions"}],"wp:featuredmedia":[{"embeddable":true,"href":"https:\/\/www.greenmobility.com\/dk\/en\/wp-json\/wp\/v2\/media\/4845"}],"wp:attachment":[{"href":"https:\/\/www.greenmobility.com\/dk\/en\/wp-json\/wp\/v2\/media?parent=4848"}],"wp:term":[{"taxonomy":"category","embeddable":true,"href":"https:\/\/www.greenmobility.com\/dk\/en\/wp-json\/wp\/v2\/categories?post=4848"},{"taxonomy":"post_tag","embeddable":true,"href":"https:\/\/www.greenmobility.com\/dk\/en\/wp-json\/wp\/v2\/tags?post=4848"}],"curies":[{"name":"wp","href":"https:\/\/api.w.org\/{rel}","templated":true}]}}