{"id":5286,"date":"2023-02-03T08:59:14","date_gmt":"2023-02-03T07:59:14","guid":{"rendered":"https:\/\/www.greenmobility.com\/dk\/?p=5286"},"modified":"2023-06-09T10:57:36","modified_gmt":"2023-06-09T09:57:36","slug":"zoneudvidelse-i-koebenhavn","status":"publish","type":"post","link":"https:\/\/www.greenmobility.com\/dk\/da\/zoneudvidelse-i-koebenhavn\/","title":{"rendered":"St\u00f8rre zone i K\u00f8benhavn"},"content":{"rendered":"<div class=\"wpb-content-wrapper\"><p>[vc_row][vc_column][vc_column_text]Der sker en hel del hos GreenMobility i \u00f8jeblikket. For nyligt kunne vi fort\u00e6lle den fantastiske nyhed, at vi er ved opgradere fl\u00e5den med 200 GreenMobility elbiler i Danmark &#8211; 150 flere elbiler i K\u00f8benhavn og 50 i Aarhus. Flere elbiler kr\u00e6ver mere plads.<\/p>\n<p>Derfor str\u00e6kker vi lidt i vores hovedzone i K\u00f8benhavn. P\u00e5 baggrund af rigtig stor eftersp\u00f8rgsel har vi valgt at inkludere et st\u00f8rre omr\u00e5de af R\u00f8dovre, Sydhavnen og Lyngby i hovedzonen. Zonen l\u00f8ber derfor nu langs T\u00e5rnvej i R\u00f8dovre, s\u00e5 det ogs\u00e5 er muligt at starte eller afslutte en tur ved R\u00f8dovre Centrum, i Vigerslev, Islev og mere af Husum og Br\u00f8nsh\u00f8j. Samtidig inkluderer zonen et st\u00f8rre omr\u00e5de af Sydhavnen fra Sj\u00e6l\u00f8r Boulevard og ned mod Valbyparken og i Lyngby omkring Lyngby Storcenter.[\/vc_column_text][\/vc_column][\/vc_row][vc_row][vc_column][vc_column_text]De nye omr\u00e5der er markeret med gr\u00f8nt p\u00e5 kortet ovenover. Udvidelsen sker b\u00e5de p\u00e5 baggrund af et \u00f8nske om at im\u00f8dekomme s\u00e5 mange brugere som muligt og at g\u00f8re vores elbiler tilg\u00e6ngelige i et st\u00f8rre omr\u00e5der af Danmark.[\/vc_column_text][vc_column_text]<em>\u201cSom den st\u00f8rste danske udbyder af en 100% elektrisk delebils-fl\u00e5de m\u00e5 vi hele tiden tilpasse os brugernes behov. Det indeb\u00e6rer ogs\u00e5 at udvide vores serviceomr\u00e5de, s\u00e5 flere kan f\u00e5 gavn af en delebil, n\u00e5r behovet opst\u00e5r. Vi har l\u00e6nge set R\u00f8dovre og Sydhavnen som oplagte omr\u00e5der og med den store eftersp\u00f8rgsel, der har v\u00e6ret, er vi glade for, at det nu bliver en realitet,\u201c siger Kim Hein, COO hos GreenMobility.<\/em>[\/vc_column_text][vc_column_text]Desuden \u00e5bner vi en mindre satellitzone i Drag\u00f8r og \u00e5bnede i tirsdags d. 31\/1 ogs\u00e5 for parkering ved City 2 i H\u00f8je Taastrup. Det kan du l\u00e6se mere om lige nedenunder.<\/p>\n<h2><span style=\"font-size: 20pt;\">Ny satellitzone i Drag\u00f8r<\/span><\/h2>\n<p>I dejlige Drag\u00f8r har vi \u00e5bnet for en st\u00f8rre satellitzone. Det betyder, at man nu kan starte eller afslutte en tur i en GreenMobility elbil i et st\u00f8rre omr\u00e5de omkring den gamle bydel. Her er der mulighed for at parkere p\u00e5 offentlige p-pladser, hvor der er mindst 2 timers parkering alle ugens dage hele d\u00f8gnet.<\/p>\n<p>I Drag\u00f8r bevarer vi ogs\u00e5 vores GreenMobility Hotspots ved<span class=\"ui-provider ux b c d e f g h i j k l m n o p q r s t u v w x y z ab ac ae af ag ah ai aj ak\" dir=\"ltr\"> Framehouse p\u00e5 A.P. M\u00f8llers All\u00e9 43B <\/span>med opladningsmuligheder, og med den nye zone er det nu muligt at parkere i et langt st\u00f8rre omr\u00e5de.<\/p>\n<p>Se satellitzonen i Drag\u00f8r p\u00e5 billedet nedenfor.[\/vc_column_text]<div class=\" agni-image custom-image-container text-left\">\r\n\t\t\t<figure class=\"agni-image-figure\">\r\n\t\t\t\t<img decoding=\"async\" width=\"1080\" height=\"1080\" data-src=\"https:\/\/www.greenmobility.com\/dk\/wp-content\/uploads\/sites\/9\/2023\/02\/Dragoer-1080x1080-1.jpg\" class=\"fullwidth-image attachment-full  attachment-full lazyload\" alt=\"\" title=\"Drag\u00f8r 1080x1080\" data-srcset=\"https:\/\/www.greenmobility.com\/dk\/wp-content\/uploads\/sites\/9\/2023\/02\/Dragoer-1080x1080-1.jpg 1080w, https:\/\/www.greenmobility.com\/dk\/wp-content\/uploads\/sites\/9\/2023\/02\/Dragoer-1080x1080-1-300x300.jpg 300w, https:\/\/www.greenmobility.com\/dk\/wp-content\/uploads\/sites\/9\/2023\/02\/Dragoer-1080x1080-1-1024x1024.jpg 1024w, https:\/\/www.greenmobility.com\/dk\/wp-content\/uploads\/sites\/9\/2023\/02\/Dragoer-1080x1080-1-150x150.jpg 150w, https:\/\/www.greenmobility.com\/dk\/wp-content\/uploads\/sites\/9\/2023\/02\/Dragoer-1080x1080-1-768x768.jpg 768w, https:\/\/www.greenmobility.com\/dk\/wp-content\/uploads\/sites\/9\/2023\/02\/Dragoer-1080x1080-1-960x960.jpg 960w\" data-sizes=\"(max-width: 1080px) 100vw, 1080px\" src=\"data:image\/svg+xml;base64,PHN2ZyB3aWR0aD0iMSIgaGVpZ2h0PSIxIiB4bWxucz0iaHR0cDovL3d3dy53My5vcmcvMjAwMC9zdmciPjwvc3ZnPg==\" style=\"--smush-placeholder-width: 1080px; --smush-placeholder-aspect-ratio: 1080\/1080;\" \/>\r\n\t\t\t\t<figcaption class=\"vc_figure-caption\">Ny satellitzone i Drag\u00f8r<\/figcaption>\r\n\t\t\t<\/figure>\r\n\t\t<\/div>[vc_column_text]<\/p>\n<h2><span style=\"font-size: 20pt;\">Ny satellitzone i H\u00f8je Taastrup<\/span><\/h2>\n<p>Den 31\/1 \u00e5bnede vi en satellitzone ved City 2 i H\u00f8je Taastrup, hvor der er mere end 2000 frie p-pladser. D\u00e9t g\u00f8r det super nemt at parkere en GreenMobility elbil, n\u00e5r man skal i City 2 eller starte en tur eller k\u00f8re rundt i Danmark derfra.<\/p>\n<p>Snart \u00e5bner vi et Hotspot ved City 2 med fire reserverede p-pladser kun til GreenMobilitys elbiler ved Indgang Gul. Er p-pladserne optaget, kan man frit parkere p\u00e5 en ledig plads i n\u00e6rheden. City 2&#8217;s tidsbegr\u00e6nsning p\u00e5 fire timer g\u00e6lder desuden ikke vores elbiler, s\u00e5 der er rig mulighed for at bruge en hel eftermiddag eller aften i City 2 og k\u00f8re hjem igen i en elbil.<\/p>\n<p>Se satellitzonen i H\u00f8je Taastrup p\u00e5 billedet nedenfor.[\/vc_column_text]<div class=\" agni-image custom-image-container text-left\">\r\n\t\t\t<figure class=\"agni-image-figure\">\r\n\t\t\t\t<img decoding=\"async\" width=\"940\" height=\"788\" data-src=\"https:\/\/www.greenmobility.com\/dk\/wp-content\/uploads\/sites\/9\/2023\/02\/HoejTaastrup_940x788-1.jpg\" class=\"fullwidth-image attachment-full  attachment-full lazyload\" alt=\"\" title=\"H\u00f8jTaastrup_940x788 (1)\" data-srcset=\"https:\/\/www.greenmobility.com\/dk\/wp-content\/uploads\/sites\/9\/2023\/02\/HoejTaastrup_940x788-1.jpg 940w, https:\/\/www.greenmobility.com\/dk\/wp-content\/uploads\/sites\/9\/2023\/02\/HoejTaastrup_940x788-1-300x251.jpg 300w, https:\/\/www.greenmobility.com\/dk\/wp-content\/uploads\/sites\/9\/2023\/02\/HoejTaastrup_940x788-1-768x644.jpg 768w\" data-sizes=\"(max-width: 940px) 100vw, 940px\" src=\"data:image\/svg+xml;base64,PHN2ZyB3aWR0aD0iMSIgaGVpZ2h0PSIxIiB4bWxucz0iaHR0cDovL3d3dy53My5vcmcvMjAwMC9zdmciPjwvc3ZnPg==\" style=\"--smush-placeholder-width: 940px; --smush-placeholder-aspect-ratio: 940\/788;\" \/>\r\n\t\t\t\t<figcaption class=\"vc_figure-caption\"><\/figcaption>\r\n\t\t\t<\/figure>\r\n\t\t<\/div>[vc_column_text]<\/p>\n<h2><span style=\"font-size: 20pt;\">Hvorfor lige de omr\u00e5der?<\/span><\/h2>\n<p><span style=\"font-weight: 400;\">Vi \u00f8nsker at g\u00f8re vores service s\u00e5 tilg\u00e6ngelig som muligt for s\u00e5 mange som muligt. Derfor udvider vi til de omr\u00e5der, hvor eftersp\u00f8rgslen er st\u00f8rst. <\/span><\/p>\n<p><span style=\"font-weight: 400;\">Vi modtager j\u00e6vnligt \u00f8nsker og gode input til, hvor vi burde udvide vores zone til. Allerhelst s\u00e5 vi, at GreenMobility zonen d\u00e6kkede hele Danmark, s\u00e5 alle kan f\u00e5 gavn af en el-delebil, n\u00e5r behovet opst\u00e5r. Lige nu har vi allerede en masse <a href=\"https:\/\/www.greenmobility.com\/dk\/da\/hotspots\/\">hotspots i Danmark<\/a>. Og havde vi kapacitet til at d\u00e6kke hele Danmark, ville det v\u00e6re fantastisk, men for nu m\u00e5 vi<\/span><span style=\"font-weight: 400;\"> udvide lidt af gangen i de omr\u00e5der, hvor eftersp\u00f8rgslen er st\u00f8rst. Heldigvis kan man nemt k\u00f8re i hele Danmark &#8211; ogs\u00e5 uden for zonen.\u00a0<\/span><\/p>\n<p><span style=\"text-decoration: underline;\"><a href=\"https:\/\/www.greenmobility.com\/dk\/da\/zonen\/\">L\u00e6s mere om zonen her<\/a><\/span>[\/vc_column_text][\/vc_column][\/vc_row][vc_row][vc_column][\/vc_column][\/vc_row]<\/p>\n<\/div>","protected":false},"excerpt":{"rendered":"<p>[vc_row][vc_column][vc_column_text]Der sker en hel del hos GreenMobility i \u00f8jeblikket. For nyligt kunne vi fort\u00e6lle den fantastiske nyhed, at vi er ved opgradere fl\u00e5den med 200 GreenMobility elbiler i Danmark &#8211; 150 flere elbiler i K\u00f8benhavn og 50 i Aarhus. Flere elbiler kr\u00e6ver mere plads. Derfor str\u00e6kker vi lidt i vores hovedzone i K\u00f8benhavn. P\u00e5 baggrund [&hellip;]<\/p>\n","protected":false},"author":7,"featured_media":5293,"comment_status":"closed","ping_status":"closed","sticky":false,"template":"","format":"standard","meta":{"om_disable_all_campaigns":false,"footnotes":"","_links_to":"","_links_to_target":""},"categories":[112],"tags":[],"class_list":["post-5286","post","type-post","status-publish","format-standard","has-post-thumbnail","hentry","category-zonen"],"yoast_head":"<!-- This site is optimized with the Yoast SEO plugin v27.3 - https:\/\/yoast.com\/product\/yoast-seo-wordpress\/ -->\n<title>St\u00f8rre zone i K\u00f8benhavn - GreenMobility Denmark<\/title>\n<meta name=\"robots\" content=\"index, follow, max-snippet:-1, max-image-preview:large, max-video-preview:-1\" \/>\n<link rel=\"canonical\" href=\"https:\/\/www.greenmobility.com\/dk\/da\/zoneudvidelse-i-koebenhavn\/\" \/>\n<meta property=\"og:locale\" content=\"da_DK\" \/>\n<meta property=\"og:type\" content=\"article\" \/>\n<meta property=\"og:title\" content=\"St\u00f8rre zone i K\u00f8benhavn - GreenMobility Denmark\" \/>\n<meta property=\"og:description\" content=\"[vc_row][vc_column][vc_column_text]Der sker en hel del hos GreenMobility i \u00f8jeblikket. For nyligt kunne vi fort\u00e6lle den fantastiske nyhed, at vi er ved opgradere fl\u00e5den med 200 GreenMobility elbiler i Danmark &#8211; 150 flere elbiler i K\u00f8benhavn og 50 i Aarhus. Flere elbiler kr\u00e6ver mere plads. Derfor str\u00e6kker vi lidt i vores hovedzone i K\u00f8benhavn. P\u00e5 baggrund [&hellip;]\" \/>\n<meta property=\"og:url\" content=\"https:\/\/www.greenmobility.com\/dk\/da\/zoneudvidelse-i-koebenhavn\/\" \/>\n<meta property=\"og:site_name\" content=\"GreenMobility Denmark\" \/>\n<meta property=\"article:published_time\" content=\"2023-02-03T07:59:14+00:00\" \/>\n<meta property=\"article:modified_time\" content=\"2023-06-09T09:57:36+00:00\" \/>\n<meta property=\"og:image\" content=\"https:\/\/www.greenmobility.com\/dk\/wp-content\/uploads\/sites\/9\/2023\/02\/main-zone-expansion940x788-1.jpg\" \/>\n\t<meta property=\"og:image:width\" content=\"1944\" \/>\n\t<meta property=\"og:image:height\" content=\"1630\" \/>\n\t<meta property=\"og:image:type\" content=\"image\/jpeg\" \/>\n<meta name=\"author\" content=\"josefine\" \/>\n<meta name=\"twitter:card\" content=\"summary_large_image\" \/>\n<meta name=\"twitter:label1\" content=\"Skrevet af\" \/>\n\t<meta name=\"twitter:data1\" content=\"josefine\" \/>\n\t<meta name=\"twitter:label2\" content=\"Estimeret l\u00e6setid\" \/>\n\t<meta name=\"twitter:data2\" content=\"3 minutter\" \/>\n<script type=\"application\/ld+json\" class=\"yoast-schema-graph\">{\"@context\":\"https:\\\/\\\/schema.org\",\"@graph\":[{\"@type\":\"Article\",\"@id\":\"https:\\\/\\\/www.greenmobility.com\\\/dk\\\/da\\\/zoneudvidelse-i-koebenhavn\\\/#article\",\"isPartOf\":{\"@id\":\"https:\\\/\\\/www.greenmobility.com\\\/dk\\\/da\\\/zoneudvidelse-i-koebenhavn\\\/\"},\"author\":{\"name\":\"josefine\",\"@id\":\"https:\\\/\\\/www.greenmobility.com\\\/dk\\\/da\\\/#\\\/schema\\\/person\\\/243a6e650855ff32daabcc8a6239cb2d\"},\"headline\":\"St\u00f8rre zone i K\u00f8benhavn\",\"datePublished\":\"2023-02-03T07:59:14+00:00\",\"dateModified\":\"2023-06-09T09:57:36+00:00\",\"mainEntityOfPage\":{\"@id\":\"https:\\\/\\\/www.greenmobility.com\\\/dk\\\/da\\\/zoneudvidelse-i-koebenhavn\\\/\"},\"wordCount\":756,\"publisher\":{\"@id\":\"https:\\\/\\\/www.greenmobility.com\\\/dk\\\/da\\\/#organization\"},\"image\":{\"@id\":\"https:\\\/\\\/www.greenmobility.com\\\/dk\\\/da\\\/zoneudvidelse-i-koebenhavn\\\/#primaryimage\"},\"thumbnailUrl\":\"https:\\\/\\\/www.greenmobility.com\\\/dk\\\/wp-content\\\/uploads\\\/sites\\\/9\\\/2023\\\/02\\\/main-zone-expansion940x788-1.jpg\",\"articleSection\":[\"Zonen\"],\"inLanguage\":\"da-DK\"},{\"@type\":\"WebPage\",\"@id\":\"https:\\\/\\\/www.greenmobility.com\\\/dk\\\/da\\\/zoneudvidelse-i-koebenhavn\\\/\",\"url\":\"https:\\\/\\\/www.greenmobility.com\\\/dk\\\/da\\\/zoneudvidelse-i-koebenhavn\\\/\",\"name\":\"St\u00f8rre zone i K\u00f8benhavn - GreenMobility Denmark\",\"isPartOf\":{\"@id\":\"https:\\\/\\\/www.greenmobility.com\\\/dk\\\/da\\\/#website\"},\"primaryImageOfPage\":{\"@id\":\"https:\\\/\\\/www.greenmobility.com\\\/dk\\\/da\\\/zoneudvidelse-i-koebenhavn\\\/#primaryimage\"},\"image\":{\"@id\":\"https:\\\/\\\/www.greenmobility.com\\\/dk\\\/da\\\/zoneudvidelse-i-koebenhavn\\\/#primaryimage\"},\"thumbnailUrl\":\"https:\\\/\\\/www.greenmobility.com\\\/dk\\\/wp-content\\\/uploads\\\/sites\\\/9\\\/2023\\\/02\\\/main-zone-expansion940x788-1.jpg\",\"datePublished\":\"2023-02-03T07:59:14+00:00\",\"dateModified\":\"2023-06-09T09:57:36+00:00\",\"breadcrumb\":{\"@id\":\"https:\\\/\\\/www.greenmobility.com\\\/dk\\\/da\\\/zoneudvidelse-i-koebenhavn\\\/#breadcrumb\"},\"inLanguage\":\"da-DK\",\"potentialAction\":[{\"@type\":\"ReadAction\",\"target\":[\"https:\\\/\\\/www.greenmobility.com\\\/dk\\\/da\\\/zoneudvidelse-i-koebenhavn\\\/\"]}]},{\"@type\":\"ImageObject\",\"inLanguage\":\"da-DK\",\"@id\":\"https:\\\/\\\/www.greenmobility.com\\\/dk\\\/da\\\/zoneudvidelse-i-koebenhavn\\\/#primaryimage\",\"url\":\"https:\\\/\\\/www.greenmobility.com\\\/dk\\\/wp-content\\\/uploads\\\/sites\\\/9\\\/2023\\\/02\\\/main-zone-expansion940x788-1.jpg\",\"contentUrl\":\"https:\\\/\\\/www.greenmobility.com\\\/dk\\\/wp-content\\\/uploads\\\/sites\\\/9\\\/2023\\\/02\\\/main-zone-expansion940x788-1.jpg\",\"width\":1944,\"height\":1630},{\"@type\":\"BreadcrumbList\",\"@id\":\"https:\\\/\\\/www.greenmobility.com\\\/dk\\\/da\\\/zoneudvidelse-i-koebenhavn\\\/#breadcrumb\",\"itemListElement\":[{\"@type\":\"ListItem\",\"position\":1,\"name\":\"Home\",\"item\":\"https:\\\/\\\/www.greenmobility.com\\\/dk\\\/da\\\/\"},{\"@type\":\"ListItem\",\"position\":2,\"name\":\"St\u00f8rre zone i K\u00f8benhavn\"}]},{\"@type\":\"WebSite\",\"@id\":\"https:\\\/\\\/www.greenmobility.com\\\/dk\\\/da\\\/#website\",\"url\":\"https:\\\/\\\/www.greenmobility.com\\\/dk\\\/da\\\/\",\"name\":\"GreenMobility Denmark\",\"description\":\"\",\"publisher\":{\"@id\":\"https:\\\/\\\/www.greenmobility.com\\\/dk\\\/da\\\/#organization\"},\"potentialAction\":[{\"@type\":\"SearchAction\",\"target\":{\"@type\":\"EntryPoint\",\"urlTemplate\":\"https:\\\/\\\/www.greenmobility.com\\\/dk\\\/da\\\/?s={search_term_string}\"},\"query-input\":{\"@type\":\"PropertyValueSpecification\",\"valueRequired\":true,\"valueName\":\"search_term_string\"}}],\"inLanguage\":\"da-DK\"},{\"@type\":\"Organization\",\"@id\":\"https:\\\/\\\/www.greenmobility.com\\\/dk\\\/da\\\/#organization\",\"name\":\"GreenMobility\",\"url\":\"https:\\\/\\\/www.greenmobility.com\\\/dk\\\/da\\\/\",\"logo\":{\"@type\":\"ImageObject\",\"inLanguage\":\"da-DK\",\"@id\":\"https:\\\/\\\/www.greenmobility.com\\\/dk\\\/da\\\/#\\\/schema\\\/logo\\\/image\\\/\",\"url\":\"https:\\\/\\\/www.greenmobility.com\\\/dk\\\/wp-content\\\/uploads\\\/sites\\\/9\\\/2021\\\/06\\\/logo-EM-DK.png\",\"contentUrl\":\"https:\\\/\\\/www.greenmobility.com\\\/dk\\\/wp-content\\\/uploads\\\/sites\\\/9\\\/2021\\\/06\\\/logo-EM-DK.png\",\"width\":3125,\"height\":788,\"caption\":\"GreenMobility\"},\"image\":{\"@id\":\"https:\\\/\\\/www.greenmobility.com\\\/dk\\\/da\\\/#\\\/schema\\\/logo\\\/image\\\/\"}},{\"@type\":\"Person\",\"@id\":\"https:\\\/\\\/www.greenmobility.com\\\/dk\\\/da\\\/#\\\/schema\\\/person\\\/243a6e650855ff32daabcc8a6239cb2d\",\"name\":\"josefine\",\"url\":\"https:\\\/\\\/www.greenmobility.com\\\/dk\\\/da\\\/author\\\/josefine\\\/\"}]}<\/script>\n<!-- \/ Yoast SEO plugin. -->","yoast_head_json":{"title":"St\u00f8rre zone i K\u00f8benhavn - GreenMobility Denmark","robots":{"index":"index","follow":"follow","max-snippet":"max-snippet:-1","max-image-preview":"max-image-preview:large","max-video-preview":"max-video-preview:-1"},"canonical":"https:\/\/www.greenmobility.com\/dk\/da\/zoneudvidelse-i-koebenhavn\/","og_locale":"da_DK","og_type":"article","og_title":"St\u00f8rre zone i K\u00f8benhavn - GreenMobility Denmark","og_description":"[vc_row][vc_column][vc_column_text]Der sker en hel del hos GreenMobility i \u00f8jeblikket. For nyligt kunne vi fort\u00e6lle den fantastiske nyhed, at vi er ved opgradere fl\u00e5den med 200 GreenMobility elbiler i Danmark &#8211; 150 flere elbiler i K\u00f8benhavn og 50 i Aarhus. Flere elbiler kr\u00e6ver mere plads. Derfor str\u00e6kker vi lidt i vores hovedzone i K\u00f8benhavn. P\u00e5 baggrund [&hellip;]","og_url":"https:\/\/www.greenmobility.com\/dk\/da\/zoneudvidelse-i-koebenhavn\/","og_site_name":"GreenMobility Denmark","article_published_time":"2023-02-03T07:59:14+00:00","article_modified_time":"2023-06-09T09:57:36+00:00","og_image":[{"width":1944,"height":1630,"url":"https:\/\/www.greenmobility.com\/dk\/wp-content\/uploads\/sites\/9\/2023\/02\/main-zone-expansion940x788-1.jpg","type":"image\/jpeg"}],"author":"josefine","twitter_card":"summary_large_image","twitter_misc":{"Skrevet af":"josefine","Estimeret l\u00e6setid":"3 minutter"},"schema":{"@context":"https:\/\/schema.org","@graph":[{"@type":"Article","@id":"https:\/\/www.greenmobility.com\/dk\/da\/zoneudvidelse-i-koebenhavn\/#article","isPartOf":{"@id":"https:\/\/www.greenmobility.com\/dk\/da\/zoneudvidelse-i-koebenhavn\/"},"author":{"name":"josefine","@id":"https:\/\/www.greenmobility.com\/dk\/da\/#\/schema\/person\/243a6e650855ff32daabcc8a6239cb2d"},"headline":"St\u00f8rre zone i K\u00f8benhavn","datePublished":"2023-02-03T07:59:14+00:00","dateModified":"2023-06-09T09:57:36+00:00","mainEntityOfPage":{"@id":"https:\/\/www.greenmobility.com\/dk\/da\/zoneudvidelse-i-koebenhavn\/"},"wordCount":756,"publisher":{"@id":"https:\/\/www.greenmobility.com\/dk\/da\/#organization"},"image":{"@id":"https:\/\/www.greenmobility.com\/dk\/da\/zoneudvidelse-i-koebenhavn\/#primaryimage"},"thumbnailUrl":"https:\/\/www.greenmobility.com\/dk\/wp-content\/uploads\/sites\/9\/2023\/02\/main-zone-expansion940x788-1.jpg","articleSection":["Zonen"],"inLanguage":"da-DK"},{"@type":"WebPage","@id":"https:\/\/www.greenmobility.com\/dk\/da\/zoneudvidelse-i-koebenhavn\/","url":"https:\/\/www.greenmobility.com\/dk\/da\/zoneudvidelse-i-koebenhavn\/","name":"St\u00f8rre zone i K\u00f8benhavn - GreenMobility Denmark","isPartOf":{"@id":"https:\/\/www.greenmobility.com\/dk\/da\/#website"},"primaryImageOfPage":{"@id":"https:\/\/www.greenmobility.com\/dk\/da\/zoneudvidelse-i-koebenhavn\/#primaryimage"},"image":{"@id":"https:\/\/www.greenmobility.com\/dk\/da\/zoneudvidelse-i-koebenhavn\/#primaryimage"},"thumbnailUrl":"https:\/\/www.greenmobility.com\/dk\/wp-content\/uploads\/sites\/9\/2023\/02\/main-zone-expansion940x788-1.jpg","datePublished":"2023-02-03T07:59:14+00:00","dateModified":"2023-06-09T09:57:36+00:00","breadcrumb":{"@id":"https:\/\/www.greenmobility.com\/dk\/da\/zoneudvidelse-i-koebenhavn\/#breadcrumb"},"inLanguage":"da-DK","potentialAction":[{"@type":"ReadAction","target":["https:\/\/www.greenmobility.com\/dk\/da\/zoneudvidelse-i-koebenhavn\/"]}]},{"@type":"ImageObject","inLanguage":"da-DK","@id":"https:\/\/www.greenmobility.com\/dk\/da\/zoneudvidelse-i-koebenhavn\/#primaryimage","url":"https:\/\/www.greenmobility.com\/dk\/wp-content\/uploads\/sites\/9\/2023\/02\/main-zone-expansion940x788-1.jpg","contentUrl":"https:\/\/www.greenmobility.com\/dk\/wp-content\/uploads\/sites\/9\/2023\/02\/main-zone-expansion940x788-1.jpg","width":1944,"height":1630},{"@type":"BreadcrumbList","@id":"https:\/\/www.greenmobility.com\/dk\/da\/zoneudvidelse-i-koebenhavn\/#breadcrumb","itemListElement":[{"@type":"ListItem","position":1,"name":"Home","item":"https:\/\/www.greenmobility.com\/dk\/da\/"},{"@type":"ListItem","position":2,"name":"St\u00f8rre zone i K\u00f8benhavn"}]},{"@type":"WebSite","@id":"https:\/\/www.greenmobility.com\/dk\/da\/#website","url":"https:\/\/www.greenmobility.com\/dk\/da\/","name":"GreenMobility Denmark","description":"","publisher":{"@id":"https:\/\/www.greenmobility.com\/dk\/da\/#organization"},"potentialAction":[{"@type":"SearchAction","target":{"@type":"EntryPoint","urlTemplate":"https:\/\/www.greenmobility.com\/dk\/da\/?s={search_term_string}"},"query-input":{"@type":"PropertyValueSpecification","valueRequired":true,"valueName":"search_term_string"}}],"inLanguage":"da-DK"},{"@type":"Organization","@id":"https:\/\/www.greenmobility.com\/dk\/da\/#organization","name":"GreenMobility","url":"https:\/\/www.greenmobility.com\/dk\/da\/","logo":{"@type":"ImageObject","inLanguage":"da-DK","@id":"https:\/\/www.greenmobility.com\/dk\/da\/#\/schema\/logo\/image\/","url":"https:\/\/www.greenmobility.com\/dk\/wp-content\/uploads\/sites\/9\/2021\/06\/logo-EM-DK.png","contentUrl":"https:\/\/www.greenmobility.com\/dk\/wp-content\/uploads\/sites\/9\/2021\/06\/logo-EM-DK.png","width":3125,"height":788,"caption":"GreenMobility"},"image":{"@id":"https:\/\/www.greenmobility.com\/dk\/da\/#\/schema\/logo\/image\/"}},{"@type":"Person","@id":"https:\/\/www.greenmobility.com\/dk\/da\/#\/schema\/person\/243a6e650855ff32daabcc8a6239cb2d","name":"josefine","url":"https:\/\/www.greenmobility.com\/dk\/da\/author\/josefine\/"}]}},"_links":{"self":[{"href":"https:\/\/www.greenmobility.com\/dk\/da\/wp-json\/wp\/v2\/posts\/5286","targetHints":{"allow":["GET"]}}],"collection":[{"href":"https:\/\/www.greenmobility.com\/dk\/da\/wp-json\/wp\/v2\/posts"}],"about":[{"href":"https:\/\/www.greenmobility.com\/dk\/da\/wp-json\/wp\/v2\/types\/post"}],"author":[{"embeddable":true,"href":"https:\/\/www.greenmobility.com\/dk\/da\/wp-json\/wp\/v2\/users\/7"}],"replies":[{"embeddable":true,"href":"https:\/\/www.greenmobility.com\/dk\/da\/wp-json\/wp\/v2\/comments?post=5286"}],"version-history":[{"count":0,"href":"https:\/\/www.greenmobility.com\/dk\/da\/wp-json\/wp\/v2\/posts\/5286\/revisions"}],"wp:featuredmedia":[{"embeddable":true,"href":"https:\/\/www.greenmobility.com\/dk\/da\/wp-json\/wp\/v2\/media\/5293"}],"wp:attachment":[{"href":"https:\/\/www.greenmobility.com\/dk\/da\/wp-json\/wp\/v2\/media?parent=5286"}],"wp:term":[{"taxonomy":"category","embeddable":true,"href":"https:\/\/www.greenmobility.com\/dk\/da\/wp-json\/wp\/v2\/categories?post=5286"},{"taxonomy":"post_tag","embeddable":true,"href":"https:\/\/www.greenmobility.com\/dk\/da\/wp-json\/wp\/v2\/tags?post=5286"}],"curies":[{"name":"wp","href":"https:\/\/api.w.org\/{rel}","templated":true}]}}